{"id":2284,"date":"2024-01-31T13:33:29","date_gmt":"2024-01-31T12:33:29","guid":{"rendered":"https:\/\/cpcascante.educacion.navarra.es\/web1\/?p=2284"},"modified":"2024-01-31T13:33:29","modified_gmt":"2024-01-31T12:33:29","slug":"un-dia-de-la-paz-un-tanto-especial","status":"publish","type":"post","link":"https:\/\/cpcascante.educacion.navarra.es\/web1\/blog\/un-dia-de-la-paz-un-tanto-especial\/","title":{"rendered":"Un d\u00eda de la Paz un tanto especial"},"content":{"rendered":"<p>El pasado 30 de enero, en el colegio Santa Vicenta Mar\u00eda se celebr\u00f3 el d\u00eda de la paz. Este a\u00f1o fue m\u00e1s especial que otros, ya que recibimos la visita de nuestros mayores. Bailamos, cantamos y le\u00edmos unos manifiestos que hab\u00edamos preparado, desde los m\u00e1s peque\u00f1os hasta los m\u00e1s mayores, creando unos v\u00ednculos inolvidables entre nosotros\/as.\u00a0<\/p>\n<p>\u00a1Ojal\u00e1 sigamos reforzando estos lazos afectivos muchos a\u00f1os m\u00e1s!<\/p>\n<p>Link al <a href=\"https:\/\/drive.google.com\/drive\/folders\/1d9l9PuKOHaVD9LlV3-Xc1HDEO639IekK?usp=drive_link\">video<\/a><\/p>\n<p>&nbsp;<\/p>\n","protected":false},"excerpt":{"rendered":"<p>El pasado 30 de enero, en el colegio Santa Vicenta Mar\u00eda se celebr\u00f3 el d\u00eda de la paz. Este a\u00f1o fue m\u00e1s especial que otros, ya que recibimos la visita de nuestros mayores. Bailamos, cantamos y le\u00edmos unos manifiestos que hab\u00edamos preparado, desde los m\u00e1s peque\u00f1os hasta los m\u00e1s mayores, creando unos v\u00ednculos inolvidables entre [&hellip;]<\/p>\n","protected":false},"author":1,"featured_media":0,"comment_status":"closed","ping_status":"open","sticky":false,"template":"","format":"standard","meta":{"_genesis_hide_title":false,"_genesis_hide_breadcrumbs":false,"_genesis_hide_singular_image":false,"_genesis_hide_footer_widgets":false,"_genesis_custom_body_class":"","_genesis_custom_post_class":"","_genesis_layout":""},"categories":[162,82],"tags":[],"_links":{"self":[{"href":"https:\/\/cpcascante.educacion.navarra.es\/web1\/wp-json\/wp\/v2\/posts\/2284"}],"collection":[{"href":"https:\/\/cpcascante.educacion.navarra.es\/web1\/wp-json\/wp\/v2\/posts"}],"about":[{"href":"https:\/\/cpcascante.educacion.navarra.es\/web1\/wp-json\/wp\/v2\/types\/post"}],"author":[{"embeddable":true,"href":"https:\/\/cpcascante.educacion.navarra.es\/web1\/wp-json\/wp\/v2\/users\/1"}],"replies":[{"embeddable":true,"href":"https:\/\/cpcascante.educacion.navarra.es\/web1\/wp-json\/wp\/v2\/comments?post=2284"}],"version-history":[{"count":1,"href":"https:\/\/cpcascante.educacion.navarra.es\/web1\/wp-json\/wp\/v2\/posts\/2284\/revisions"}],"predecessor-version":[{"id":2285,"href":"https:\/\/cpcascante.educacion.navarra.es\/web1\/wp-json\/wp\/v2\/posts\/2284\/revisions\/2285"}],"wp:attachment":[{"href":"https:\/\/cpcascante.educacion.navarra.es\/web1\/wp-json\/wp\/v2\/media?parent=2284"}],"wp:term":[{"taxonomy":"category","embeddable":true,"href":"https:\/\/cpcascante.educacion.navarra.es\/web1\/wp-json\/wp\/v2\/categories?post=2284"},{"taxonomy":"post_tag","embeddable":true,"href":"https:\/\/cpcascante.educacion.navarra.es\/web1\/wp-json\/wp\/v2\/tags?post=2284"}],"curies":[{"name":"wp","href":"https:\/\/api.w.org\/{rel}","templated":true}]}}