{"id":2223,"date":"2023-04-05T11:18:31","date_gmt":"2023-04-05T09:18:31","guid":{"rendered":"https:\/\/cpcascante.educacion.navarra.es\/web1\/?p=2223"},"modified":"2023-04-05T11:18:31","modified_gmt":"2023-04-05T09:18:31","slug":"biografia-de-eva-armisen","status":"publish","type":"post","link":"https:\/\/cpcascante.educacion.navarra.es\/web1\/blog\/biografia-de-eva-armisen\/","title":{"rendered":"BIOGRAF\u00cdA DE EVA ARMIS\u00c9N"},"content":{"rendered":"<p>Dentro del Proyecto de Centro, el alumnado de 3\u00ba de Primaria colabor\u00f3 realizando un teatro sobre la biograf\u00eda de Eva Armis\u00e9n. Queremos que como familias pod\u00e1is disfrutar del mismo por lo que os compartimos el enlace.<\/p>\n<p>Haz clic en el enlace, descarga el archivo e introduce la contrase\u00f1a que se os ha facilitado por tokapp.<\/p>\n<p><a href=\"https:\/\/drive.google.com\/file\/d\/1naX1I9vszeKJA1TeZBBnaQVu3DDWK2Kx\/view?usp=share_link\">https:\/\/drive.google.com\/file\/d\/1naX1I9vszeKJA1TeZBBnaQVu3DDWK2Kx\/view?usp=share_link<\/a><\/p>\n<p>&nbsp;<\/p>\n<p>&nbsp;<\/p>\n<p>&nbsp;<\/p>\n","protected":false},"excerpt":{"rendered":"<p>Dentro del Proyecto de Centro, el alumnado de 3\u00ba de Primaria colabor\u00f3 realizando un teatro sobre la biograf\u00eda de Eva Armis\u00e9n. Queremos que como familias pod\u00e1is disfrutar del mismo por lo que os compartimos el enlace. Haz clic en el enlace, descarga el archivo e introduce la contrase\u00f1a que se os ha facilitado por tokapp. [&hellip;]<\/p>\n","protected":false},"author":1,"featured_media":0,"comment_status":"closed","ping_status":"open","sticky":false,"template":"","format":"standard","meta":{"_genesis_hide_title":false,"_genesis_hide_breadcrumbs":false,"_genesis_hide_singular_image":false,"_genesis_hide_footer_widgets":false,"_genesis_custom_body_class":"","_genesis_custom_post_class":"","_genesis_layout":""},"categories":[1],"tags":[],"_links":{"self":[{"href":"https:\/\/cpcascante.educacion.navarra.es\/web1\/wp-json\/wp\/v2\/posts\/2223"}],"collection":[{"href":"https:\/\/cpcascante.educacion.navarra.es\/web1\/wp-json\/wp\/v2\/posts"}],"about":[{"href":"https:\/\/cpcascante.educacion.navarra.es\/web1\/wp-json\/wp\/v2\/types\/post"}],"author":[{"embeddable":true,"href":"https:\/\/cpcascante.educacion.navarra.es\/web1\/wp-json\/wp\/v2\/users\/1"}],"replies":[{"embeddable":true,"href":"https:\/\/cpcascante.educacion.navarra.es\/web1\/wp-json\/wp\/v2\/comments?post=2223"}],"version-history":[{"count":2,"href":"https:\/\/cpcascante.educacion.navarra.es\/web1\/wp-json\/wp\/v2\/posts\/2223\/revisions"}],"predecessor-version":[{"id":2225,"href":"https:\/\/cpcascante.educacion.navarra.es\/web1\/wp-json\/wp\/v2\/posts\/2223\/revisions\/2225"}],"wp:attachment":[{"href":"https:\/\/cpcascante.educacion.navarra.es\/web1\/wp-json\/wp\/v2\/media?parent=2223"}],"wp:term":[{"taxonomy":"category","embeddable":true,"href":"https:\/\/cpcascante.educacion.navarra.es\/web1\/wp-json\/wp\/v2\/categories?post=2223"},{"taxonomy":"post_tag","embeddable":true,"href":"https:\/\/cpcascante.educacion.navarra.es\/web1\/wp-json\/wp\/v2\/tags?post=2223"}],"curies":[{"name":"wp","href":"https:\/\/api.w.org\/{rel}","templated":true}]}}