{"id":1151,"date":"2017-03-02T18:59:19","date_gmt":"2017-03-02T17:59:19","guid":{"rendered":"http:\/\/cpcascante.educacion.navarra.es\/web1\/?p=1151"},"modified":"2017-03-02T19:08:56","modified_gmt":"2017-03-02T18:08:56","slug":"parlamentarios-por-un-dia","status":"publish","type":"post","link":"https:\/\/cpcascante.educacion.navarra.es\/web1\/blog\/parlamentarios-por-un-dia\/","title":{"rendered":"Parlamentarios por un D\u00eda"},"content":{"rendered":"<p style=\"text-align: center;\"><img loading=\"lazy\" class=\"wp-image-1152\" src=\"http:\/\/cpcascante.educacion.navarra.es\/web1\/wp-content\/uploads\/2017\/03\/Parlamentarios-por-un-d\u00eda-2-300x169.jpg\" alt=\"\" width=\"431\" height=\"243\" srcset=\"https:\/\/cpcascante.educacion.navarra.es\/web1\/wp-content\/uploads\/2017\/03\/Parlamentarios-por-un-d\u00eda-2-300x169.jpg 300w, https:\/\/cpcascante.educacion.navarra.es\/web1\/wp-content\/uploads\/2017\/03\/Parlamentarios-por-un-d\u00eda-2-768x432.jpg 768w, https:\/\/cpcascante.educacion.navarra.es\/web1\/wp-content\/uploads\/2017\/03\/Parlamentarios-por-un-d\u00eda-2-1024x576.jpg 1024w\" sizes=\"(max-width: 431px) 100vw, 431px\" \/><\/p>\n<p style=\"text-align: justify;\">El alumnado de 6\u00ba del Colegio Santa Vicenta Mar\u00eda hemos pasado un d\u00eda de lo m\u00e1s especial.\u00a0 Despu\u00e9s de muchos meses trabajando contra el acoso y la violencia en las escuelas, dentro del \u00a0programa de Aldeas infantiles\u00a0 \u201cAbraza tus valores\u201d hoy por fin se ha visto la recompensa a nuestro trabajo. Hemos le\u00eddo en un pleno nuestro manifiesto y los compromisos que proponemos para promover el respeto y frenar el \u201cBullying\u201d en los colegios.<\/p>\n<p style=\"text-align: justify;\">A las 8:30 sal\u00edamos de Cascante en autob\u00fas rumbo a Pamplona. Nos esperaba un pleno en el Parlamento de Navarra. All\u00ed nos ha recibido la presidenta del Parlamento, Ainhoa Azn\u00e1rez , otros parlamentarios\u00a0 y el presidente de Aldeas infantiles, entre otros. Hemos ocupado nuestros asientos y la Presidenta ha dado comienzo a este pleno tan especial. Un pleno infantil al que hemos asistido 73 ni\u00f1os, de Cascante y de Cadreita, haciendo el papel de Parlamentarios por un d\u00eda. En primer lugar han hablado los pol\u00edticos, haciendo hincapi\u00e9 en la importancia del respeto para poner freno al acoso escolar. A continuaci\u00f3n, la parte m\u00e1s emocionante.\u00a0 \u00a1Llegaba la hora de leer nuestros manifiestos! En primer lugar, el colegio de Cadreita. Despu\u00e9s, nuestras portavoces, Elsa Av\u00edzcuri y Elisa Sesma han bajado al estrado, y sin envidiar nada a los discursos de nuestros parlamentarios, han le\u00eddo los escritos que las clases de 6\u00ba hab\u00edamos preparado contra el acoso y la violencia. \u00a1Han le\u00eddo fenomenal! Y lo mejor es que estamos seguros que los parlamentarios all\u00ed presentes han tomado buena nota de las ideas que les hemos propuesto. Se les ha visto asentir, sobre todo al recordarles que ellos, los pol\u00edticos, deben tambi\u00e9n respetarse, sean del grupo que sean y votar las mejores propuestas, sin preocuparse s\u00f3lo de ganar o perder como grupo pol\u00edtico.<\/p>\n<p style=\"text-align: justify;\">Despu\u00e9s de las lecturas ven\u00edan las votaciones. En cada esca\u00f1o nos hab\u00edan dejado una papeleta para votar uno de los doce compromisos propuestos. Despu\u00e9s de reflexionar, hemos elegido el compromiso que nos ha parecido mejor y uno a uno, hemos depositado nuestro voto en una urna. De ah\u00ed, han salido tres compromisos que esperemos que sirvan para mejorar las pol\u00edticas contra el acoso.<\/p>\n<p style=\"text-align: justify;\">Finalmente, nos han dado las gracias y nos han felicitado por nuestro trabajo. Los medios de comunicaci\u00f3n ya han publicado la noticia, tanto en prensa como en los informativos. \u00a1Hab\u00eda un buen pu\u00f1ado de fot\u00f3grafos y periodistas!<\/p>\n<p style=\"text-align: justify;\">El d\u00eda ha sido maravilloso, asistir a un pleno del Parlamento y encontrarnos con la Presidenta y otros pol\u00edticos es algo que recordaremos siempre, pero hay algo m\u00e1s grande que estamos aprendiendo, y es a respetar, a valorar a cada persona por lo que es, porque todos somos diferentes y con esas diferencias tenemos que convivir. Ojal\u00e1, y estamos seguros que esto es as\u00ed, que nuestro mensaje y nuestro trabajo ha calado muy hondo en los pol\u00edticos, que se han comprometido a trabajar, a tope, para parar, por fin, el acoso escolar.<\/p>\n<p style=\"text-align: justify;\"><a href=\"https:\/\/www.flickr.com\/photos\/139677338@N04\/albums\/72157679279122800\" target=\"_blank\">IM\u00c1GENES DEL PARLAMENTO Y LA VISITA A PAMPLONA<\/a><\/p>\n<p style=\"text-align: justify;\">V\u00eddeo completo de la sesi\u00f3n parlamentaria<\/p>\n<p><iframe loading=\"lazy\" src=\"https:\/\/www.youtube.com\/embed\/jWWPeGl1KvI?rel=0\" width=\"640\" height=\"360\" frameborder=\"0\" allowfullscreen=\"allowfullscreen\"><\/iframe><\/p>\n","protected":false},"excerpt":{"rendered":"<p>El alumnado de 6\u00ba del Colegio Santa Vicenta Mar\u00eda hemos pasado un d\u00eda de lo m\u00e1s especial.\u00a0 Despu\u00e9s de muchos meses trabajando contra el acoso y la violencia en las escuelas, dentro del \u00a0programa de Aldeas infantiles\u00a0 \u201cAbraza tus valores\u201d hoy por fin se ha visto la recompensa a nuestro trabajo. Hemos le\u00eddo en un [&hellip;]<\/p>\n","protected":false},"author":1,"featured_media":1158,"comment_status":"open","ping_status":"open","sticky":false,"template":"","format":"standard","meta":{"_genesis_hide_title":false,"_genesis_hide_breadcrumbs":false,"_genesis_hide_singular_image":false,"_genesis_hide_footer_widgets":false,"_genesis_custom_body_class":"","_genesis_custom_post_class":"","_genesis_layout":""},"categories":[86,1],"tags":[109,112],"_links":{"self":[{"href":"https:\/\/cpcascante.educacion.navarra.es\/web1\/wp-json\/wp\/v2\/posts\/1151"}],"collection":[{"href":"https:\/\/cpcascante.educacion.navarra.es\/web1\/wp-json\/wp\/v2\/posts"}],"about":[{"href":"https:\/\/cpcascante.educacion.navarra.es\/web1\/wp-json\/wp\/v2\/types\/post"}],"author":[{"embeddable":true,"href":"https:\/\/cpcascante.educacion.navarra.es\/web1\/wp-json\/wp\/v2\/users\/1"}],"replies":[{"embeddable":true,"href":"https:\/\/cpcascante.educacion.navarra.es\/web1\/wp-json\/wp\/v2\/comments?post=1151"}],"version-history":[{"count":5,"href":"https:\/\/cpcascante.educacion.navarra.es\/web1\/wp-json\/wp\/v2\/posts\/1151\/revisions"}],"predecessor-version":[{"id":1162,"href":"https:\/\/cpcascante.educacion.navarra.es\/web1\/wp-json\/wp\/v2\/posts\/1151\/revisions\/1162"}],"wp:featuredmedia":[{"embeddable":true,"href":"https:\/\/cpcascante.educacion.navarra.es\/web1\/wp-json\/wp\/v2\/media\/1158"}],"wp:attachment":[{"href":"https:\/\/cpcascante.educacion.navarra.es\/web1\/wp-json\/wp\/v2\/media?parent=1151"}],"wp:term":[{"taxonomy":"category","embeddable":true,"href":"https:\/\/cpcascante.educacion.navarra.es\/web1\/wp-json\/wp\/v2\/categories?post=1151"},{"taxonomy":"post_tag","embeddable":true,"href":"https:\/\/cpcascante.educacion.navarra.es\/web1\/wp-json\/wp\/v2\/tags?post=1151"}],"curies":[{"name":"wp","href":"https:\/\/api.w.org\/{rel}","templated":true}]}}